{"id":1648,"date":"2025-09-20T14:35:13","date_gmt":"2025-09-20T12:35:13","guid":{"rendered":"http:\/\/gmv-lambsheim.de\/wp\/?p=1648"},"modified":"2026-04-03T18:58:03","modified_gmt":"2026-04-03T16:58:03","slug":"vorverkauf-fuer-das-chorkonzert","status":"publish","type":"post","link":"https:\/\/gmv-lambsheim.de\/wp\/2025\/09\/20\/vorverkauf-fuer-das-chorkonzert\/","title":{"rendered":"Vorverkauf f\u00fcr das Chorkonzert"},"content":{"rendered":"\n<p>Wer jetzt noch keine Karten hat, sollte sich beeilen. Es lohnt sich!<\/p>\n\n\n\n<p>&#8222;Bright Side of Life&#8220; &#8211; so lautet das Konzertmotto des Popchors &#8222;Simply Us&#8220;. am 27. September 2025, ab 19 Uhr. Chorleiter Thorsten Schoberwalter hat mit Simply Us ein abwechslungsreiches Programm zusammengestellt: mal a capella, mal mit Begleitung \u00fcber eine Box und &#8211; ganz neu &#8211; begleitet von Anja Blum am Klavier.<\/p>\n\n\n\n<p>F\u00fcr Ihre Unterhaltung sorgt neben dem gastgebenden Chor der Popchor &#8222;Voices&#8220; vom Frohsinn R\u00f6dersheim. Seit nun 12 Jahren leitet Johannes Kalpers die &#8222;Voices&#8220;, die als Meisterchor des Chorverbands Rheinland-Pfalz auf hohem Niveau Popst\u00fccke singen. <a href=\"https:\/\/www.frohsinn-roedersheim.de\/die-voices\/\">Mehr zu den &#8222;Voices&#8220;&#8230; <\/a><\/p>\n\n\n\n<p>Neben Gesangsbeitr\u00e4gen wird erneut das Gitarrenensemble &#8222;Saitensprung&#8220; auf der B\u00fchne stehen und sicher auch diesmal das Publikum zum Mitsingen bringen.<\/p>\n\n\n\n<p>Die GMV-Halle gut zu finden, ist kein Problem. Axel Griebel von <strong><a href=\"https:\/\/www.facebook.com\/profile.php?id=100067322407691\">Grax Eventtechnik<\/a><\/strong> sorgt f\u00fcr ansprechende Beleuchtung. <\/p>\n\n\n\n<p><strong>Den Kartenvorverkauf \u00fcbernimmt das nette Team des Brillen-Bott in Lambsheim, M\u00fchltorstra\u00dfe 18a. <\/strong><\/p>\n\n\n\n<p><\/p>\n","protected":false},"excerpt":{"rendered":"<p>&#8222;Bright Side of Life&#8220; &#8211; so lautet das Konzertmotto des Popchors &#8222;Simply Us&#8220;. am 27. September 2025, ab 19 Uhr. Chorleiter Thorsten Schoberwalter hat mit Simply Us ein abwechslungsreiches Programm zusammengestellt.<\/p>\n<p>Karten gibt es f\u00fcr 10 Euro im Vorverkauf bei Brillen-Bott in Lambsheim, M\u00fchltorstra\u00dfe 18a.<\/p>\n","protected":false},"author":16,"featured_media":1649,"comment_status":"open","ping_status":"open","sticky":false,"template":"","format":"standard","meta":{"_acf_changed":false,"_uag_custom_page_level_css":"","footnotes":""},"categories":[12,65,5],"tags":[30,72,21,29,71,26,73,27,25,23,24,69],"class_list":["post-1648","post","type-post","status-publish","format-standard","has-post-thumbnail","hentry","category-aktuelles","category-chor","category-titelseite","tag-ab-in-den-chor","tag-brillen-bott","tag-chor","tag-deutscher-chorverband","tag-gitarrenensemble-saitensprung","tag-gmv","tag-grax","tag-konzert","tag-lambsheim","tag-simply-us","tag-singen","tag-voices"],"acf":[],"yoast_head":"<!-- This site is optimized with the Yoast SEO plugin v26.8 - https:\/\/yoast.com\/product\/yoast-seo-wordpress\/ -->\n<title>Vorverkauf f\u00fcr das Chorkonzert - GMV Lambsheim<\/title>\n<meta name=\"robots\" content=\"index, follow, max-snippet:-1, max-image-preview:large, max-video-preview:-1\" \/>\n<link rel=\"canonical\" href=\"http:\/\/gmv-lambsheim.de\/wp\/2025\/09\/20\/vorverkauf-fuer-das-chorkonzert\/\" \/>\n<meta property=\"og:locale\" content=\"de_DE\" \/>\n<meta property=\"og:type\" content=\"article\" \/>\n<meta property=\"og:title\" content=\"Vorverkauf f\u00fcr das Chorkonzert - GMV Lambsheim\" \/>\n<meta property=\"og:description\" content=\"&quot;Bright Side of Life&quot; - so lautet das Konzertmotto des Popchors &quot;Simply Us&quot;. am 27. September 2025, ab 19 Uhr. Chorleiter Thorsten Schoberwalter hat mit Simply Us ein abwechslungsreiches Programm zusammengestellt. Karten gibt es f\u00fcr 10 Euro im Vorverkauf bei Brillen-Bott in Lambsheim, M\u00fchltorstra\u00dfe 18a.\" \/>\n<meta property=\"og:url\" content=\"http:\/\/gmv-lambsheim.de\/wp\/2025\/09\/20\/vorverkauf-fuer-das-chorkonzert\/\" \/>\n<meta property=\"og:site_name\" content=\"GMV Lambsheim\" \/>\n<meta property=\"article:publisher\" content=\"https:\/\/www.facebook.com\/gmvlambsheim\" \/>\n<meta property=\"article:published_time\" content=\"2025-09-20T12:35:13+00:00\" \/>\n<meta property=\"article:modified_time\" content=\"2026-04-03T16:58:03+00:00\" \/>\n<meta property=\"og:image\" content=\"http:\/\/gmv-lambsheim.de\/wp\/wp-content\/uploads\/2025\/09\/Konzert_2025_Bright_Side_of_Life-600-x-846-mm-726x1024.png\" \/>\n\t<meta property=\"og:image:width\" content=\"726\" \/>\n\t<meta property=\"og:image:height\" content=\"1024\" \/>\n\t<meta property=\"og:image:type\" content=\"image\/png\" \/>\n<meta name=\"author\" content=\"Beate Schoberwalter\" \/>\n<meta name=\"twitter:card\" content=\"summary_large_image\" \/>\n<meta name=\"twitter:label1\" content=\"Verfasst von\" \/>\n\t<meta name=\"twitter:data1\" content=\"Beate Schoberwalter\" \/>\n\t<meta name=\"twitter:label2\" content=\"Gesch\u00e4tzte Lesezeit\" \/>\n\t<meta name=\"twitter:data2\" content=\"2\u00a0Minuten\" \/>\n<script type=\"application\/ld+json\" class=\"yoast-schema-graph\">{\"@context\":\"https:\/\/schema.org\",\"@graph\":[{\"@type\":\"Article\",\"@id\":\"http:\/\/gmv-lambsheim.de\/wp\/2025\/09\/20\/vorverkauf-fuer-das-chorkonzert\/#article\",\"isPartOf\":{\"@id\":\"http:\/\/gmv-lambsheim.de\/wp\/2025\/09\/20\/vorverkauf-fuer-das-chorkonzert\/\"},\"author\":{\"name\":\"Beate Schoberwalter\",\"@id\":\"https:\/\/gmv-lambsheim.de\/wp\/#\/schema\/person\/145505b2694bf5d23be2187873df35ef\"},\"headline\":\"Vorverkauf f\u00fcr das Chorkonzert\",\"datePublished\":\"2025-09-20T12:35:13+00:00\",\"dateModified\":\"2026-04-03T16:58:03+00:00\",\"mainEntityOfPage\":{\"@id\":\"http:\/\/gmv-lambsheim.de\/wp\/2025\/09\/20\/vorverkauf-fuer-das-chorkonzert\/\"},\"wordCount\":159,\"commentCount\":0,\"publisher\":{\"@id\":\"https:\/\/gmv-lambsheim.de\/wp\/#organization\"},\"image\":{\"@id\":\"http:\/\/gmv-lambsheim.de\/wp\/2025\/09\/20\/vorverkauf-fuer-das-chorkonzert\/#primaryimage\"},\"thumbnailUrl\":\"https:\/\/gmv-lambsheim.de\/wp\/wp-content\/uploads\/2025\/09\/Konzert_2025_Bright_Side_of_Life-600-x-846-mm.png\",\"keywords\":[\"Ab in den Chor\",\"Brillen-Bott\",\"Chor\",\"Deutscher Chorverband\",\"Gitarrenensemble Saitensprung\",\"GMV\",\"Grax\",\"Konzert\",\"Lambsheim\",\"Simply Us\",\"Singen\",\"Voices\"],\"articleSection\":[\"Aktuelles\",\"Chor\",\"Titelseite\"],\"inLanguage\":\"de\",\"potentialAction\":[{\"@type\":\"CommentAction\",\"name\":\"Comment\",\"target\":[\"http:\/\/gmv-lambsheim.de\/wp\/2025\/09\/20\/vorverkauf-fuer-das-chorkonzert\/#respond\"]}]},{\"@type\":\"WebPage\",\"@id\":\"http:\/\/gmv-lambsheim.de\/wp\/2025\/09\/20\/vorverkauf-fuer-das-chorkonzert\/\",\"url\":\"http:\/\/gmv-lambsheim.de\/wp\/2025\/09\/20\/vorverkauf-fuer-das-chorkonzert\/\",\"name\":\"Vorverkauf f\u00fcr das Chorkonzert - GMV Lambsheim\",\"isPartOf\":{\"@id\":\"https:\/\/gmv-lambsheim.de\/wp\/#website\"},\"primaryImageOfPage\":{\"@id\":\"http:\/\/gmv-lambsheim.de\/wp\/2025\/09\/20\/vorverkauf-fuer-das-chorkonzert\/#primaryimage\"},\"image\":{\"@id\":\"http:\/\/gmv-lambsheim.de\/wp\/2025\/09\/20\/vorverkauf-fuer-das-chorkonzert\/#primaryimage\"},\"thumbnailUrl\":\"https:\/\/gmv-lambsheim.de\/wp\/wp-content\/uploads\/2025\/09\/Konzert_2025_Bright_Side_of_Life-600-x-846-mm.png\",\"datePublished\":\"2025-09-20T12:35:13+00:00\",\"dateModified\":\"2026-04-03T16:58:03+00:00\",\"breadcrumb\":{\"@id\":\"http:\/\/gmv-lambsheim.de\/wp\/2025\/09\/20\/vorverkauf-fuer-das-chorkonzert\/#breadcrumb\"},\"inLanguage\":\"de\",\"potentialAction\":[{\"@type\":\"ReadAction\",\"target\":[\"http:\/\/gmv-lambsheim.de\/wp\/2025\/09\/20\/vorverkauf-fuer-das-chorkonzert\/\"]}]},{\"@type\":\"ImageObject\",\"inLanguage\":\"de\",\"@id\":\"http:\/\/gmv-lambsheim.de\/wp\/2025\/09\/20\/vorverkauf-fuer-das-chorkonzert\/#primaryimage\",\"url\":\"https:\/\/gmv-lambsheim.de\/wp\/wp-content\/uploads\/2025\/09\/Konzert_2025_Bright_Side_of_Life-600-x-846-mm.png\",\"contentUrl\":\"https:\/\/gmv-lambsheim.de\/wp\/wp-content\/uploads\/2025\/09\/Konzert_2025_Bright_Side_of_Life-600-x-846-mm.png\",\"width\":2268,\"height\":3197},{\"@type\":\"BreadcrumbList\",\"@id\":\"http:\/\/gmv-lambsheim.de\/wp\/2025\/09\/20\/vorverkauf-fuer-das-chorkonzert\/#breadcrumb\",\"itemListElement\":[{\"@type\":\"ListItem\",\"position\":1,\"name\":\"Startseite\",\"item\":\"https:\/\/gmv-lambsheim.de\/wp\/\"},{\"@type\":\"ListItem\",\"position\":2,\"name\":\"Vorverkauf f\u00fcr das Chorkonzert\"}]},{\"@type\":\"WebSite\",\"@id\":\"https:\/\/gmv-lambsheim.de\/wp\/#website\",\"url\":\"https:\/\/gmv-lambsheim.de\/wp\/\",\"name\":\"GMV Lambsheim\",\"description\":\"Gesang- und Musikverein &quot;Volkschor&quot; 1846 e.V.\",\"publisher\":{\"@id\":\"https:\/\/gmv-lambsheim.de\/wp\/#organization\"},\"potentialAction\":[{\"@type\":\"SearchAction\",\"target\":{\"@type\":\"EntryPoint\",\"urlTemplate\":\"https:\/\/gmv-lambsheim.de\/wp\/?s={search_term_string}\"},\"query-input\":{\"@type\":\"PropertyValueSpecification\",\"valueRequired\":true,\"valueName\":\"search_term_string\"}}],\"inLanguage\":\"de\"},{\"@type\":\"Organization\",\"@id\":\"https:\/\/gmv-lambsheim.de\/wp\/#organization\",\"name\":\"GMV Lambsheim\",\"url\":\"https:\/\/gmv-lambsheim.de\/wp\/\",\"logo\":{\"@type\":\"ImageObject\",\"inLanguage\":\"de\",\"@id\":\"https:\/\/gmv-lambsheim.de\/wp\/#\/schema\/logo\/image\/\",\"url\":\"https:\/\/gmv-lambsheim.de\/wp\/wp-content\/uploads\/2020\/07\/cropped-GMV-Logo@05x-3.png\",\"contentUrl\":\"https:\/\/gmv-lambsheim.de\/wp\/wp-content\/uploads\/2020\/07\/cropped-GMV-Logo@05x-3.png\",\"width\":100,\"height\":127,\"caption\":\"GMV Lambsheim\"},\"image\":{\"@id\":\"https:\/\/gmv-lambsheim.de\/wp\/#\/schema\/logo\/image\/\"},\"sameAs\":[\"https:\/\/www.facebook.com\/gmvlambsheim\",\"https:\/\/www.instagram.com\/gmvorchesterlambsheim\",\"https:\/\/www.instagram.com\/gmv_chor_lambsheim\",\"https:\/\/www.facebook.com\/gmvchorlambsheim\"]},{\"@type\":\"Person\",\"@id\":\"https:\/\/gmv-lambsheim.de\/wp\/#\/schema\/person\/145505b2694bf5d23be2187873df35ef\",\"name\":\"Beate Schoberwalter\",\"image\":{\"@type\":\"ImageObject\",\"inLanguage\":\"de\",\"@id\":\"https:\/\/gmv-lambsheim.de\/wp\/#\/schema\/person\/image\/\",\"url\":\"https:\/\/secure.gravatar.com\/avatar\/b0406066c2968ed38945f03410fbcff4?s=96&d=mm&r=g\",\"contentUrl\":\"https:\/\/secure.gravatar.com\/avatar\/b0406066c2968ed38945f03410fbcff4?s=96&d=mm&r=g\",\"caption\":\"Beate Schoberwalter\"},\"url\":\"https:\/\/gmv-lambsheim.de\/wp\/author\/bschoberwalter\/\"}]}<\/script>\n<!-- \/ Yoast SEO plugin. -->","yoast_head_json":{"title":"Vorverkauf f\u00fcr das Chorkonzert - GMV Lambsheim","robots":{"index":"index","follow":"follow","max-snippet":"max-snippet:-1","max-image-preview":"max-image-preview:large","max-video-preview":"max-video-preview:-1"},"canonical":"http:\/\/gmv-lambsheim.de\/wp\/2025\/09\/20\/vorverkauf-fuer-das-chorkonzert\/","og_locale":"de_DE","og_type":"article","og_title":"Vorverkauf f\u00fcr das Chorkonzert - GMV Lambsheim","og_description":"\"Bright Side of Life\" - so lautet das Konzertmotto des Popchors \"Simply Us\". am 27. September 2025, ab 19 Uhr. Chorleiter Thorsten Schoberwalter hat mit Simply Us ein abwechslungsreiches Programm zusammengestellt. Karten gibt es f\u00fcr 10 Euro im Vorverkauf bei Brillen-Bott in Lambsheim, M\u00fchltorstra\u00dfe 18a.","og_url":"http:\/\/gmv-lambsheim.de\/wp\/2025\/09\/20\/vorverkauf-fuer-das-chorkonzert\/","og_site_name":"GMV Lambsheim","article_publisher":"https:\/\/www.facebook.com\/gmvlambsheim","article_published_time":"2025-09-20T12:35:13+00:00","article_modified_time":"2026-04-03T16:58:03+00:00","og_image":[{"width":726,"height":1024,"url":"http:\/\/gmv-lambsheim.de\/wp\/wp-content\/uploads\/2025\/09\/Konzert_2025_Bright_Side_of_Life-600-x-846-mm-726x1024.png","type":"image\/png"}],"author":"Beate Schoberwalter","twitter_card":"summary_large_image","twitter_misc":{"Verfasst von":"Beate Schoberwalter","Gesch\u00e4tzte Lesezeit":"2\u00a0Minuten"},"schema":{"@context":"https:\/\/schema.org","@graph":[{"@type":"Article","@id":"http:\/\/gmv-lambsheim.de\/wp\/2025\/09\/20\/vorverkauf-fuer-das-chorkonzert\/#article","isPartOf":{"@id":"http:\/\/gmv-lambsheim.de\/wp\/2025\/09\/20\/vorverkauf-fuer-das-chorkonzert\/"},"author":{"name":"Beate Schoberwalter","@id":"https:\/\/gmv-lambsheim.de\/wp\/#\/schema\/person\/145505b2694bf5d23be2187873df35ef"},"headline":"Vorverkauf f\u00fcr das Chorkonzert","datePublished":"2025-09-20T12:35:13+00:00","dateModified":"2026-04-03T16:58:03+00:00","mainEntityOfPage":{"@id":"http:\/\/gmv-lambsheim.de\/wp\/2025\/09\/20\/vorverkauf-fuer-das-chorkonzert\/"},"wordCount":159,"commentCount":0,"publisher":{"@id":"https:\/\/gmv-lambsheim.de\/wp\/#organization"},"image":{"@id":"http:\/\/gmv-lambsheim.de\/wp\/2025\/09\/20\/vorverkauf-fuer-das-chorkonzert\/#primaryimage"},"thumbnailUrl":"https:\/\/gmv-lambsheim.de\/wp\/wp-content\/uploads\/2025\/09\/Konzert_2025_Bright_Side_of_Life-600-x-846-mm.png","keywords":["Ab in den Chor","Brillen-Bott","Chor","Deutscher Chorverband","Gitarrenensemble Saitensprung","GMV","Grax","Konzert","Lambsheim","Simply Us","Singen","Voices"],"articleSection":["Aktuelles","Chor","Titelseite"],"inLanguage":"de","potentialAction":[{"@type":"CommentAction","name":"Comment","target":["http:\/\/gmv-lambsheim.de\/wp\/2025\/09\/20\/vorverkauf-fuer-das-chorkonzert\/#respond"]}]},{"@type":"WebPage","@id":"http:\/\/gmv-lambsheim.de\/wp\/2025\/09\/20\/vorverkauf-fuer-das-chorkonzert\/","url":"http:\/\/gmv-lambsheim.de\/wp\/2025\/09\/20\/vorverkauf-fuer-das-chorkonzert\/","name":"Vorverkauf f\u00fcr das Chorkonzert - GMV Lambsheim","isPartOf":{"@id":"https:\/\/gmv-lambsheim.de\/wp\/#website"},"primaryImageOfPage":{"@id":"http:\/\/gmv-lambsheim.de\/wp\/2025\/09\/20\/vorverkauf-fuer-das-chorkonzert\/#primaryimage"},"image":{"@id":"http:\/\/gmv-lambsheim.de\/wp\/2025\/09\/20\/vorverkauf-fuer-das-chorkonzert\/#primaryimage"},"thumbnailUrl":"https:\/\/gmv-lambsheim.de\/wp\/wp-content\/uploads\/2025\/09\/Konzert_2025_Bright_Side_of_Life-600-x-846-mm.png","datePublished":"2025-09-20T12:35:13+00:00","dateModified":"2026-04-03T16:58:03+00:00","breadcrumb":{"@id":"http:\/\/gmv-lambsheim.de\/wp\/2025\/09\/20\/vorverkauf-fuer-das-chorkonzert\/#breadcrumb"},"inLanguage":"de","potentialAction":[{"@type":"ReadAction","target":["http:\/\/gmv-lambsheim.de\/wp\/2025\/09\/20\/vorverkauf-fuer-das-chorkonzert\/"]}]},{"@type":"ImageObject","inLanguage":"de","@id":"http:\/\/gmv-lambsheim.de\/wp\/2025\/09\/20\/vorverkauf-fuer-das-chorkonzert\/#primaryimage","url":"https:\/\/gmv-lambsheim.de\/wp\/wp-content\/uploads\/2025\/09\/Konzert_2025_Bright_Side_of_Life-600-x-846-mm.png","contentUrl":"https:\/\/gmv-lambsheim.de\/wp\/wp-content\/uploads\/2025\/09\/Konzert_2025_Bright_Side_of_Life-600-x-846-mm.png","width":2268,"height":3197},{"@type":"BreadcrumbList","@id":"http:\/\/gmv-lambsheim.de\/wp\/2025\/09\/20\/vorverkauf-fuer-das-chorkonzert\/#breadcrumb","itemListElement":[{"@type":"ListItem","position":1,"name":"Startseite","item":"https:\/\/gmv-lambsheim.de\/wp\/"},{"@type":"ListItem","position":2,"name":"Vorverkauf f\u00fcr das Chorkonzert"}]},{"@type":"WebSite","@id":"https:\/\/gmv-lambsheim.de\/wp\/#website","url":"https:\/\/gmv-lambsheim.de\/wp\/","name":"GMV Lambsheim","description":"Gesang- und Musikverein &quot;Volkschor&quot; 1846 e.V.","publisher":{"@id":"https:\/\/gmv-lambsheim.de\/wp\/#organization"},"potentialAction":[{"@type":"SearchAction","target":{"@type":"EntryPoint","urlTemplate":"https:\/\/gmv-lambsheim.de\/wp\/?s={search_term_string}"},"query-input":{"@type":"PropertyValueSpecification","valueRequired":true,"valueName":"search_term_string"}}],"inLanguage":"de"},{"@type":"Organization","@id":"https:\/\/gmv-lambsheim.de\/wp\/#organization","name":"GMV Lambsheim","url":"https:\/\/gmv-lambsheim.de\/wp\/","logo":{"@type":"ImageObject","inLanguage":"de","@id":"https:\/\/gmv-lambsheim.de\/wp\/#\/schema\/logo\/image\/","url":"https:\/\/gmv-lambsheim.de\/wp\/wp-content\/uploads\/2020\/07\/cropped-GMV-Logo@05x-3.png","contentUrl":"https:\/\/gmv-lambsheim.de\/wp\/wp-content\/uploads\/2020\/07\/cropped-GMV-Logo@05x-3.png","width":100,"height":127,"caption":"GMV Lambsheim"},"image":{"@id":"https:\/\/gmv-lambsheim.de\/wp\/#\/schema\/logo\/image\/"},"sameAs":["https:\/\/www.facebook.com\/gmvlambsheim","https:\/\/www.instagram.com\/gmvorchesterlambsheim","https:\/\/www.instagram.com\/gmv_chor_lambsheim","https:\/\/www.facebook.com\/gmvchorlambsheim"]},{"@type":"Person","@id":"https:\/\/gmv-lambsheim.de\/wp\/#\/schema\/person\/145505b2694bf5d23be2187873df35ef","name":"Beate Schoberwalter","image":{"@type":"ImageObject","inLanguage":"de","@id":"https:\/\/gmv-lambsheim.de\/wp\/#\/schema\/person\/image\/","url":"https:\/\/secure.gravatar.com\/avatar\/b0406066c2968ed38945f03410fbcff4?s=96&d=mm&r=g","contentUrl":"https:\/\/secure.gravatar.com\/avatar\/b0406066c2968ed38945f03410fbcff4?s=96&d=mm&r=g","caption":"Beate Schoberwalter"},"url":"https:\/\/gmv-lambsheim.de\/wp\/author\/bschoberwalter\/"}]}},"uagb_featured_image_src":{"full":["https:\/\/gmv-lambsheim.de\/wp\/wp-content\/uploads\/2025\/09\/Konzert_2025_Bright_Side_of_Life-600-x-846-mm.png",2268,3197,false],"thumbnail":["https:\/\/gmv-lambsheim.de\/wp\/wp-content\/uploads\/2025\/09\/Konzert_2025_Bright_Side_of_Life-600-x-846-mm-150x150.png",150,150,true],"medium":["https:\/\/gmv-lambsheim.de\/wp\/wp-content\/uploads\/2025\/09\/Konzert_2025_Bright_Side_of_Life-600-x-846-mm-213x300.png",213,300,true],"medium_large":["https:\/\/gmv-lambsheim.de\/wp\/wp-content\/uploads\/2025\/09\/Konzert_2025_Bright_Side_of_Life-600-x-846-mm-768x1083.png",768,1083,true],"large":["https:\/\/gmv-lambsheim.de\/wp\/wp-content\/uploads\/2025\/09\/Konzert_2025_Bright_Side_of_Life-600-x-846-mm-726x1024.png",726,1024,true],"thumblist":["https:\/\/gmv-lambsheim.de\/wp\/wp-content\/uploads\/2025\/09\/Konzert_2025_Bright_Side_of_Life-600-x-846-mm-300x300.png",300,300,true],"meccarouselthumb":["https:\/\/gmv-lambsheim.de\/wp\/wp-content\/uploads\/2025\/09\/Konzert_2025_Bright_Side_of_Life-600-x-846-mm-474x324.png",474,324,true],"gridsquare":["https:\/\/gmv-lambsheim.de\/wp\/wp-content\/uploads\/2025\/09\/Konzert_2025_Bright_Side_of_Life-600-x-846-mm-391x260.png",391,260,true],"tileview":["https:\/\/gmv-lambsheim.de\/wp\/wp-content\/uploads\/2025\/09\/Konzert_2025_Bright_Side_of_Life-600-x-846-mm-300x400.png",300,400,true],"1536x1536":["https:\/\/gmv-lambsheim.de\/wp\/wp-content\/uploads\/2025\/09\/Konzert_2025_Bright_Side_of_Life-600-x-846-mm-1090x1536.png",1090,1536,true],"2048x2048":["https:\/\/gmv-lambsheim.de\/wp\/wp-content\/uploads\/2025\/09\/Konzert_2025_Bright_Side_of_Life-600-x-846-mm-1453x2048.png",1453,2048,true]},"uagb_author_info":{"display_name":"Beate Schoberwalter","author_link":"https:\/\/gmv-lambsheim.de\/wp\/author\/bschoberwalter\/"},"uagb_comment_info":0,"uagb_excerpt":"\"Bright Side of Life\" - so lautet das Konzertmotto des Popchors \"Simply Us\". am 27. September 2025, ab 19 Uhr. Chorleiter Thorsten Schoberwalter hat mit Simply Us ein abwechslungsreiches Programm zusammengestellt. Karten gibt es f\u00fcr 10 Euro im Vorverkauf bei Brillen-Bott in Lambsheim, M\u00fchltorstra\u00dfe 18a.","_links":{"self":[{"href":"https:\/\/gmv-lambsheim.de\/wp\/wp-json\/wp\/v2\/posts\/1648","targetHints":{"allow":["GET"]}}],"collection":[{"href":"https:\/\/gmv-lambsheim.de\/wp\/wp-json\/wp\/v2\/posts"}],"about":[{"href":"https:\/\/gmv-lambsheim.de\/wp\/wp-json\/wp\/v2\/types\/post"}],"author":[{"embeddable":true,"href":"https:\/\/gmv-lambsheim.de\/wp\/wp-json\/wp\/v2\/users\/16"}],"replies":[{"embeddable":true,"href":"https:\/\/gmv-lambsheim.de\/wp\/wp-json\/wp\/v2\/comments?post=1648"}],"version-history":[{"count":4,"href":"https:\/\/gmv-lambsheim.de\/wp\/wp-json\/wp\/v2\/posts\/1648\/revisions"}],"predecessor-version":[{"id":1662,"href":"https:\/\/gmv-lambsheim.de\/wp\/wp-json\/wp\/v2\/posts\/1648\/revisions\/1662"}],"wp:featuredmedia":[{"embeddable":true,"href":"https:\/\/gmv-lambsheim.de\/wp\/wp-json\/wp\/v2\/media\/1649"}],"wp:attachment":[{"href":"https:\/\/gmv-lambsheim.de\/wp\/wp-json\/wp\/v2\/media?parent=1648"}],"wp:term":[{"taxonomy":"category","embeddable":true,"href":"https:\/\/gmv-lambsheim.de\/wp\/wp-json\/wp\/v2\/categories?post=1648"},{"taxonomy":"post_tag","embeddable":true,"href":"https:\/\/gmv-lambsheim.de\/wp\/wp-json\/wp\/v2\/tags?post=1648"}],"curies":[{"name":"wp","href":"https:\/\/api.w.org\/{rel}","templated":true}]}}