{"id":1497,"date":"2025-04-09T19:11:35","date_gmt":"2025-04-09T17:11:35","guid":{"rendered":"http:\/\/gmv-lambsheim.de\/wp\/?p=1497"},"modified":"2025-05-22T07:47:54","modified_gmt":"2025-05-22T05:47:54","slug":"singen-rund-um-die-uhr","status":"publish","type":"post","link":"http:\/\/gmv-lambsheim.de\/wp\/2025\/04\/09\/singen-rund-um-die-uhr\/","title":{"rendered":"Singen rund um die Uhr"},"content":{"rendered":"\n<h2 class=\"wp-block-heading has-medium-font-size\">GMV-Popchor &#8222;Simply Us&#8220; auf Chorfreizeit<\/h2>\n\n\n\n<p class=\"has-medium-font-size\">Was f\u00fcr ein wundervolles Wochenende hat Simply Us in der Jugendherberge Homburg\/Saar verbracht! Wir haben intensiv an unseren neuen St\u00fccken geprobt, wie z. B. &#8222;Engel&#8220; oder &#8222;Tears in Heaven&#8220;. Und abends haben wir mit Karaoke weitergemacht.&nbsp;<\/p>\n\n\n\n<p class=\"has-medium-font-size\">Chorwochenenden bringen nicht nur unsere s\u00e4ngerische Leistung voran, sie st\u00e4rken auch das Miteinander im Verein und liefern viele gute Ideen f\u00fcr k\u00fcnftige Projekte.<\/p>\n\n\n\n<h2 class=\"wp-block-heading has-medium-font-size\">Kann man zu viel singen? <br>Die Antwort ist ein ganz klaren NEIN!<\/h2>\n\n\n\n<p class=\"has-medium-font-size\">Die Stimme ist nicht umsonst das Instrument des Jahres 2025. Singen macht gl\u00fccklich &#8211; sogar bei falschen T\u00f6nen. Das st\u00f6rt das eigene Gl\u00fcck nicht. Blo\u00df Chorleiter Thorsten Schoberwalter verzieht schmerzvoll das Gesicht und merkt schon mal f\u00fcr die n\u00e4chste Probe vor, woran wir dringend mal wieder arbeiten sollten\u2026<\/p>\n\n\n\n<figure class=\"wp-block-gallery has-nested-images columns-default is-cropped wp-block-gallery-1 is-layout-flex wp-block-gallery-is-layout-flex\">\n<figure class=\"wp-block-image size-large\"><img fetchpriority=\"high\" decoding=\"async\" width=\"768\" height=\"1024\" data-id=\"1500\" src=\"http:\/\/gmv-lambsheim.de\/wp\/wp-content\/uploads\/2025\/02\/IMG_2619-768x1024.webp\" alt=\"\" class=\"wp-image-1500\" srcset=\"http:\/\/gmv-lambsheim.de\/wp\/wp-content\/uploads\/2025\/02\/IMG_2619-768x1024.webp 768w, http:\/\/gmv-lambsheim.de\/wp\/wp-content\/uploads\/2025\/02\/IMG_2619-225x300.webp 225w, http:\/\/gmv-lambsheim.de\/wp\/wp-content\/uploads\/2025\/02\/IMG_2619-300x400.webp 300w, http:\/\/gmv-lambsheim.de\/wp\/wp-content\/uploads\/2025\/02\/IMG_2619-1152x1536.webp 1152w, http:\/\/gmv-lambsheim.de\/wp\/wp-content\/uploads\/2025\/02\/IMG_2619-scaled.webp 1440w\" sizes=\"(max-width: 768px) 100vw, 768px\" \/><figcaption class=\"wp-element-caption\">Unsere Pianistin: Anja Blum<\/figcaption><\/figure>\n\n\n\n<figure class=\"wp-block-image size-large\"><img decoding=\"async\" width=\"768\" height=\"1024\" data-id=\"1504\" src=\"http:\/\/gmv-lambsheim.de\/wp\/wp-content\/uploads\/2025\/02\/IMG_2649-768x1024.webp\" alt=\"\" class=\"wp-image-1504\" srcset=\"http:\/\/gmv-lambsheim.de\/wp\/wp-content\/uploads\/2025\/02\/IMG_2649-768x1024.webp 768w, http:\/\/gmv-lambsheim.de\/wp\/wp-content\/uploads\/2025\/02\/IMG_2649-225x300.webp 225w, http:\/\/gmv-lambsheim.de\/wp\/wp-content\/uploads\/2025\/02\/IMG_2649-300x400.jpeg 300w, http:\/\/gmv-lambsheim.de\/wp\/wp-content\/uploads\/2025\/02\/IMG_2649-1152x1536.jpeg 1152w, http:\/\/gmv-lambsheim.de\/wp\/wp-content\/uploads\/2025\/02\/IMG_2649-1536x2048.jpeg 1536w, http:\/\/gmv-lambsheim.de\/wp\/wp-content\/uploads\/2025\/02\/IMG_2649-scaled.webp 1440w\" sizes=\"(max-width: 768px) 100vw, 768px\" \/><figcaption class=\"wp-element-caption\">Unser neues Leitungsteam (von links nach rechts): Petra K\u00fcppers, Martina Schroth, Britta Franck<\/figcaption><\/figure>\n\n\n\n<figure class=\"wp-block-image size-large\"><img decoding=\"async\" width=\"768\" height=\"1024\" data-id=\"1499\" src=\"http:\/\/gmv-lambsheim.de\/wp\/wp-content\/uploads\/2025\/02\/IMG_2620-768x1024.webp\" alt=\"\" class=\"wp-image-1499\" srcset=\"http:\/\/gmv-lambsheim.de\/wp\/wp-content\/uploads\/2025\/02\/IMG_2620-768x1024.webp 768w, http:\/\/gmv-lambsheim.de\/wp\/wp-content\/uploads\/2025\/02\/IMG_2620-225x300.webp 225w, http:\/\/gmv-lambsheim.de\/wp\/wp-content\/uploads\/2025\/02\/IMG_2620-300x400.webp 300w, http:\/\/gmv-lambsheim.de\/wp\/wp-content\/uploads\/2025\/02\/IMG_2620-1152x1536.webp 1152w, http:\/\/gmv-lambsheim.de\/wp\/wp-content\/uploads\/2025\/02\/IMG_2620.webp 1440w\" sizes=\"(max-width: 768px) 100vw, 768px\" \/><figcaption class=\"wp-element-caption\">Unser Chorleiter: Thorsten Schoberwalter<\/figcaption><\/figure>\n<\/figure>\n\n\n\n<p class=\"has-medium-font-size\">Sp\u00e4testens beim Jahreskonzert sollte es auch unser Publikum gl\u00fccklich machen. Wer den Termin schon mal vormerken m\u00f6chte: <strong>Samstag, 27. September 2025 in der GMV-Halle Lambsheim<\/strong>.\u00a0<\/p>\n\n\n\n<p><\/p>\n\n\n\n<p><\/p>\n","protected":false},"excerpt":{"rendered":"<p>GMV-Popchor &#8222;Simply Us&#8220; auf Chorfreizeit Was f\u00fcr ein wundervolles Wochenende hat Simply Us in der Jugendherberge Homburg\/Saar verbracht! Wir haben intensiv an unseren neuen St\u00fccken geprobt, wie z. B. &#8222;Engel&#8220; oder &#8222;Tears in Heaven&#8220;. Und abends haben wir mit Karaoke weitergemacht.&nbsp; Chorwochenenden bringen nicht nur unsere s\u00e4ngerische Leistung voran, sie st\u00e4rken auch das Miteinander im [&hellip;]<\/p>\n","protected":false},"author":16,"featured_media":1498,"comment_status":"open","ping_status":"open","sticky":false,"template":"","format":"standard","meta":{"_acf_changed":false,"_uag_custom_page_level_css":"","footnotes":""},"categories":[12,65,5],"tags":[],"class_list":["post-1497","post","type-post","status-publish","format-standard","has-post-thumbnail","hentry","category-aktuelles","category-chor","category-titelseite"],"acf":[],"yoast_head":"<!-- This site is optimized with the Yoast SEO plugin v27.5 - https:\/\/yoast.com\/product\/yoast-seo-wordpress\/ -->\n<title>Singen rund um die Uhr - GMV Lambsheim<\/title>\n<meta name=\"description\" content=\"Chor, GMV, Simply Us, Singen, Stimmbildung, Jugendherberge Homburg\/Saar, Pianistin, Jahreskonzert, Engel, Tears in heaven\" \/>\n<meta name=\"robots\" content=\"index, follow, max-snippet:-1, max-image-preview:large, max-video-preview:-1\" \/>\n<link rel=\"canonical\" href=\"http:\/\/gmv-lambsheim.de\/wp\/2025\/04\/09\/singen-rund-um-die-uhr\/\" \/>\n<meta property=\"og:locale\" content=\"de_DE\" \/>\n<meta property=\"og:type\" content=\"article\" \/>\n<meta property=\"og:title\" content=\"Singen rund um die Uhr - GMV Lambsheim\" \/>\n<meta property=\"og:description\" content=\"Chor, GMV, Simply Us, Singen, Stimmbildung, Jugendherberge Homburg\/Saar, Pianistin, Jahreskonzert, Engel, Tears in heaven\" \/>\n<meta property=\"og:url\" content=\"http:\/\/gmv-lambsheim.de\/wp\/2025\/04\/09\/singen-rund-um-die-uhr\/\" \/>\n<meta property=\"og:site_name\" content=\"GMV Lambsheim\" \/>\n<meta property=\"article:publisher\" content=\"https:\/\/www.facebook.com\/gmvlambsheim\" \/>\n<meta property=\"article:published_time\" content=\"2025-04-09T17:11:35+00:00\" \/>\n<meta property=\"article:modified_time\" content=\"2025-05-22T05:47:54+00:00\" \/>\n<meta property=\"og:image\" content=\"http:\/\/gmv-lambsheim.de\/wp\/wp-content\/uploads\/2025\/02\/D68FC5E8-88A3-4472-8774-D6FC0D4E66D3-scaled.webp\" \/>\n\t<meta property=\"og:image:width\" content=\"1080\" \/>\n\t<meta property=\"og:image:height\" content=\"1920\" \/>\n\t<meta property=\"og:image:type\" content=\"image\/webp\" \/>\n<meta name=\"author\" content=\"Beate Schoberwalter\" \/>\n<meta name=\"twitter:card\" content=\"summary_large_image\" \/>\n<meta name=\"twitter:label1\" content=\"Verfasst von\" \/>\n\t<meta name=\"twitter:data1\" content=\"Beate Schoberwalter\" \/>\n\t<meta name=\"twitter:label2\" content=\"Gesch\u00e4tzte Lesezeit\" \/>\n\t<meta name=\"twitter:data2\" content=\"2\u00a0Minuten\" \/>\n<script type=\"application\/ld+json\" class=\"yoast-schema-graph\">{\"@context\":\"https:\\\/\\\/schema.org\",\"@graph\":[{\"@type\":\"Article\",\"@id\":\"http:\\\/\\\/gmv-lambsheim.de\\\/wp\\\/2025\\\/04\\\/09\\\/singen-rund-um-die-uhr\\\/#article\",\"isPartOf\":{\"@id\":\"http:\\\/\\\/gmv-lambsheim.de\\\/wp\\\/2025\\\/04\\\/09\\\/singen-rund-um-die-uhr\\\/\"},\"author\":{\"name\":\"Beate Schoberwalter\",\"@id\":\"http:\\\/\\\/gmv-lambsheim.de\\\/wp\\\/#\\\/schema\\\/person\\\/145505b2694bf5d23be2187873df35ef\"},\"headline\":\"Singen rund um die Uhr\",\"datePublished\":\"2025-04-09T17:11:35+00:00\",\"dateModified\":\"2025-05-22T05:47:54+00:00\",\"mainEntityOfPage\":{\"@id\":\"http:\\\/\\\/gmv-lambsheim.de\\\/wp\\\/2025\\\/04\\\/09\\\/singen-rund-um-die-uhr\\\/\"},\"wordCount\":190,\"commentCount\":0,\"publisher\":{\"@id\":\"http:\\\/\\\/gmv-lambsheim.de\\\/wp\\\/#organization\"},\"image\":{\"@id\":\"http:\\\/\\\/gmv-lambsheim.de\\\/wp\\\/2025\\\/04\\\/09\\\/singen-rund-um-die-uhr\\\/#primaryimage\"},\"thumbnailUrl\":\"http:\\\/\\\/gmv-lambsheim.de\\\/wp\\\/wp-content\\\/uploads\\\/2025\\\/02\\\/D68FC5E8-88A3-4472-8774-D6FC0D4E66D3-scaled.webp\",\"articleSection\":[\"Aktuelles\",\"Chor\",\"Titelseite\"],\"inLanguage\":\"de\",\"potentialAction\":[{\"@type\":\"CommentAction\",\"name\":\"Comment\",\"target\":[\"http:\\\/\\\/gmv-lambsheim.de\\\/wp\\\/2025\\\/04\\\/09\\\/singen-rund-um-die-uhr\\\/#respond\"]}]},{\"@type\":\"WebPage\",\"@id\":\"http:\\\/\\\/gmv-lambsheim.de\\\/wp\\\/2025\\\/04\\\/09\\\/singen-rund-um-die-uhr\\\/\",\"url\":\"http:\\\/\\\/gmv-lambsheim.de\\\/wp\\\/2025\\\/04\\\/09\\\/singen-rund-um-die-uhr\\\/\",\"name\":\"Singen rund um die Uhr - GMV Lambsheim\",\"isPartOf\":{\"@id\":\"http:\\\/\\\/gmv-lambsheim.de\\\/wp\\\/#website\"},\"primaryImageOfPage\":{\"@id\":\"http:\\\/\\\/gmv-lambsheim.de\\\/wp\\\/2025\\\/04\\\/09\\\/singen-rund-um-die-uhr\\\/#primaryimage\"},\"image\":{\"@id\":\"http:\\\/\\\/gmv-lambsheim.de\\\/wp\\\/2025\\\/04\\\/09\\\/singen-rund-um-die-uhr\\\/#primaryimage\"},\"thumbnailUrl\":\"http:\\\/\\\/gmv-lambsheim.de\\\/wp\\\/wp-content\\\/uploads\\\/2025\\\/02\\\/D68FC5E8-88A3-4472-8774-D6FC0D4E66D3-scaled.webp\",\"datePublished\":\"2025-04-09T17:11:35+00:00\",\"dateModified\":\"2025-05-22T05:47:54+00:00\",\"description\":\"Chor, GMV, Simply Us, Singen, Stimmbildung, Jugendherberge Homburg\\\/Saar, Pianistin, Jahreskonzert, Engel, Tears in heaven\",\"breadcrumb\":{\"@id\":\"http:\\\/\\\/gmv-lambsheim.de\\\/wp\\\/2025\\\/04\\\/09\\\/singen-rund-um-die-uhr\\\/#breadcrumb\"},\"inLanguage\":\"de\",\"potentialAction\":[{\"@type\":\"ReadAction\",\"target\":[\"http:\\\/\\\/gmv-lambsheim.de\\\/wp\\\/2025\\\/04\\\/09\\\/singen-rund-um-die-uhr\\\/\"]}]},{\"@type\":\"ImageObject\",\"inLanguage\":\"de\",\"@id\":\"http:\\\/\\\/gmv-lambsheim.de\\\/wp\\\/2025\\\/04\\\/09\\\/singen-rund-um-die-uhr\\\/#primaryimage\",\"url\":\"http:\\\/\\\/gmv-lambsheim.de\\\/wp\\\/wp-content\\\/uploads\\\/2025\\\/02\\\/D68FC5E8-88A3-4472-8774-D6FC0D4E66D3-scaled.webp\",\"contentUrl\":\"http:\\\/\\\/gmv-lambsheim.de\\\/wp\\\/wp-content\\\/uploads\\\/2025\\\/02\\\/D68FC5E8-88A3-4472-8774-D6FC0D4E66D3-scaled.webp\",\"width\":1080,\"height\":1920},{\"@type\":\"BreadcrumbList\",\"@id\":\"http:\\\/\\\/gmv-lambsheim.de\\\/wp\\\/2025\\\/04\\\/09\\\/singen-rund-um-die-uhr\\\/#breadcrumb\",\"itemListElement\":[{\"@type\":\"ListItem\",\"position\":1,\"name\":\"Startseite\",\"item\":\"http:\\\/\\\/gmv-lambsheim.de\\\/wp\\\/\"},{\"@type\":\"ListItem\",\"position\":2,\"name\":\"Singen rund um die Uhr\"}]},{\"@type\":\"WebSite\",\"@id\":\"http:\\\/\\\/gmv-lambsheim.de\\\/wp\\\/#website\",\"url\":\"http:\\\/\\\/gmv-lambsheim.de\\\/wp\\\/\",\"name\":\"GMV Lambsheim\",\"description\":\"Gesang- und Musikverein &quot;Volkschor&quot; 1846 e.V.\",\"publisher\":{\"@id\":\"http:\\\/\\\/gmv-lambsheim.de\\\/wp\\\/#organization\"},\"potentialAction\":[{\"@type\":\"SearchAction\",\"target\":{\"@type\":\"EntryPoint\",\"urlTemplate\":\"http:\\\/\\\/gmv-lambsheim.de\\\/wp\\\/?s={search_term_string}\"},\"query-input\":{\"@type\":\"PropertyValueSpecification\",\"valueRequired\":true,\"valueName\":\"search_term_string\"}}],\"inLanguage\":\"de\"},{\"@type\":\"Organization\",\"@id\":\"http:\\\/\\\/gmv-lambsheim.de\\\/wp\\\/#organization\",\"name\":\"GMV Lambsheim\",\"url\":\"http:\\\/\\\/gmv-lambsheim.de\\\/wp\\\/\",\"logo\":{\"@type\":\"ImageObject\",\"inLanguage\":\"de\",\"@id\":\"http:\\\/\\\/gmv-lambsheim.de\\\/wp\\\/#\\\/schema\\\/logo\\\/image\\\/\",\"url\":\"http:\\\/\\\/gmv-lambsheim.de\\\/wp\\\/wp-content\\\/uploads\\\/2020\\\/07\\\/cropped-GMV-Logo@05x-3.png\",\"contentUrl\":\"http:\\\/\\\/gmv-lambsheim.de\\\/wp\\\/wp-content\\\/uploads\\\/2020\\\/07\\\/cropped-GMV-Logo@05x-3.png\",\"width\":100,\"height\":127,\"caption\":\"GMV Lambsheim\"},\"image\":{\"@id\":\"http:\\\/\\\/gmv-lambsheim.de\\\/wp\\\/#\\\/schema\\\/logo\\\/image\\\/\"},\"sameAs\":[\"https:\\\/\\\/www.facebook.com\\\/gmvlambsheim\",\"https:\\\/\\\/www.instagram.com\\\/gmvorchesterlambsheim\",\"https:\\\/\\\/www.instagram.com\\\/gmv_chor_lambsheim\",\"https:\\\/\\\/www.facebook.com\\\/gmvchorlambsheim\"]},{\"@type\":\"Person\",\"@id\":\"http:\\\/\\\/gmv-lambsheim.de\\\/wp\\\/#\\\/schema\\\/person\\\/145505b2694bf5d23be2187873df35ef\",\"name\":\"Beate Schoberwalter\",\"image\":{\"@type\":\"ImageObject\",\"inLanguage\":\"de\",\"@id\":\"https:\\\/\\\/secure.gravatar.com\\\/avatar\\\/ff22b7c1e0155754151b5bb6c0c63526d4e0d2547f62e35dd7b3f4822e902113?s=96&d=mm&r=g\",\"url\":\"https:\\\/\\\/secure.gravatar.com\\\/avatar\\\/ff22b7c1e0155754151b5bb6c0c63526d4e0d2547f62e35dd7b3f4822e902113?s=96&d=mm&r=g\",\"contentUrl\":\"https:\\\/\\\/secure.gravatar.com\\\/avatar\\\/ff22b7c1e0155754151b5bb6c0c63526d4e0d2547f62e35dd7b3f4822e902113?s=96&d=mm&r=g\",\"caption\":\"Beate Schoberwalter\"},\"url\":\"http:\\\/\\\/gmv-lambsheim.de\\\/wp\\\/author\\\/bschoberwalter\\\/\"}]}<\/script>\n<!-- \/ Yoast SEO plugin. -->","yoast_head_json":{"title":"Singen rund um die Uhr - GMV Lambsheim","description":"Chor, GMV, Simply Us, Singen, Stimmbildung, Jugendherberge Homburg\/Saar, Pianistin, Jahreskonzert, Engel, Tears in heaven","robots":{"index":"index","follow":"follow","max-snippet":"max-snippet:-1","max-image-preview":"max-image-preview:large","max-video-preview":"max-video-preview:-1"},"canonical":"http:\/\/gmv-lambsheim.de\/wp\/2025\/04\/09\/singen-rund-um-die-uhr\/","og_locale":"de_DE","og_type":"article","og_title":"Singen rund um die Uhr - GMV Lambsheim","og_description":"Chor, GMV, Simply Us, Singen, Stimmbildung, Jugendherberge Homburg\/Saar, Pianistin, Jahreskonzert, Engel, Tears in heaven","og_url":"http:\/\/gmv-lambsheim.de\/wp\/2025\/04\/09\/singen-rund-um-die-uhr\/","og_site_name":"GMV Lambsheim","article_publisher":"https:\/\/www.facebook.com\/gmvlambsheim","article_published_time":"2025-04-09T17:11:35+00:00","article_modified_time":"2025-05-22T05:47:54+00:00","og_image":[{"width":1080,"height":1920,"url":"http:\/\/gmv-lambsheim.de\/wp\/wp-content\/uploads\/2025\/02\/D68FC5E8-88A3-4472-8774-D6FC0D4E66D3-scaled.webp","type":"image\/webp"}],"author":"Beate Schoberwalter","twitter_card":"summary_large_image","twitter_misc":{"Verfasst von":"Beate Schoberwalter","Gesch\u00e4tzte Lesezeit":"2\u00a0Minuten"},"schema":{"@context":"https:\/\/schema.org","@graph":[{"@type":"Article","@id":"http:\/\/gmv-lambsheim.de\/wp\/2025\/04\/09\/singen-rund-um-die-uhr\/#article","isPartOf":{"@id":"http:\/\/gmv-lambsheim.de\/wp\/2025\/04\/09\/singen-rund-um-die-uhr\/"},"author":{"name":"Beate Schoberwalter","@id":"http:\/\/gmv-lambsheim.de\/wp\/#\/schema\/person\/145505b2694bf5d23be2187873df35ef"},"headline":"Singen rund um die Uhr","datePublished":"2025-04-09T17:11:35+00:00","dateModified":"2025-05-22T05:47:54+00:00","mainEntityOfPage":{"@id":"http:\/\/gmv-lambsheim.de\/wp\/2025\/04\/09\/singen-rund-um-die-uhr\/"},"wordCount":190,"commentCount":0,"publisher":{"@id":"http:\/\/gmv-lambsheim.de\/wp\/#organization"},"image":{"@id":"http:\/\/gmv-lambsheim.de\/wp\/2025\/04\/09\/singen-rund-um-die-uhr\/#primaryimage"},"thumbnailUrl":"http:\/\/gmv-lambsheim.de\/wp\/wp-content\/uploads\/2025\/02\/D68FC5E8-88A3-4472-8774-D6FC0D4E66D3-scaled.webp","articleSection":["Aktuelles","Chor","Titelseite"],"inLanguage":"de","potentialAction":[{"@type":"CommentAction","name":"Comment","target":["http:\/\/gmv-lambsheim.de\/wp\/2025\/04\/09\/singen-rund-um-die-uhr\/#respond"]}]},{"@type":"WebPage","@id":"http:\/\/gmv-lambsheim.de\/wp\/2025\/04\/09\/singen-rund-um-die-uhr\/","url":"http:\/\/gmv-lambsheim.de\/wp\/2025\/04\/09\/singen-rund-um-die-uhr\/","name":"Singen rund um die Uhr - GMV Lambsheim","isPartOf":{"@id":"http:\/\/gmv-lambsheim.de\/wp\/#website"},"primaryImageOfPage":{"@id":"http:\/\/gmv-lambsheim.de\/wp\/2025\/04\/09\/singen-rund-um-die-uhr\/#primaryimage"},"image":{"@id":"http:\/\/gmv-lambsheim.de\/wp\/2025\/04\/09\/singen-rund-um-die-uhr\/#primaryimage"},"thumbnailUrl":"http:\/\/gmv-lambsheim.de\/wp\/wp-content\/uploads\/2025\/02\/D68FC5E8-88A3-4472-8774-D6FC0D4E66D3-scaled.webp","datePublished":"2025-04-09T17:11:35+00:00","dateModified":"2025-05-22T05:47:54+00:00","description":"Chor, GMV, Simply Us, Singen, Stimmbildung, Jugendherberge Homburg\/Saar, Pianistin, Jahreskonzert, Engel, Tears in heaven","breadcrumb":{"@id":"http:\/\/gmv-lambsheim.de\/wp\/2025\/04\/09\/singen-rund-um-die-uhr\/#breadcrumb"},"inLanguage":"de","potentialAction":[{"@type":"ReadAction","target":["http:\/\/gmv-lambsheim.de\/wp\/2025\/04\/09\/singen-rund-um-die-uhr\/"]}]},{"@type":"ImageObject","inLanguage":"de","@id":"http:\/\/gmv-lambsheim.de\/wp\/2025\/04\/09\/singen-rund-um-die-uhr\/#primaryimage","url":"http:\/\/gmv-lambsheim.de\/wp\/wp-content\/uploads\/2025\/02\/D68FC5E8-88A3-4472-8774-D6FC0D4E66D3-scaled.webp","contentUrl":"http:\/\/gmv-lambsheim.de\/wp\/wp-content\/uploads\/2025\/02\/D68FC5E8-88A3-4472-8774-D6FC0D4E66D3-scaled.webp","width":1080,"height":1920},{"@type":"BreadcrumbList","@id":"http:\/\/gmv-lambsheim.de\/wp\/2025\/04\/09\/singen-rund-um-die-uhr\/#breadcrumb","itemListElement":[{"@type":"ListItem","position":1,"name":"Startseite","item":"http:\/\/gmv-lambsheim.de\/wp\/"},{"@type":"ListItem","position":2,"name":"Singen rund um die Uhr"}]},{"@type":"WebSite","@id":"http:\/\/gmv-lambsheim.de\/wp\/#website","url":"http:\/\/gmv-lambsheim.de\/wp\/","name":"GMV Lambsheim","description":"Gesang- und Musikverein &quot;Volkschor&quot; 1846 e.V.","publisher":{"@id":"http:\/\/gmv-lambsheim.de\/wp\/#organization"},"potentialAction":[{"@type":"SearchAction","target":{"@type":"EntryPoint","urlTemplate":"http:\/\/gmv-lambsheim.de\/wp\/?s={search_term_string}"},"query-input":{"@type":"PropertyValueSpecification","valueRequired":true,"valueName":"search_term_string"}}],"inLanguage":"de"},{"@type":"Organization","@id":"http:\/\/gmv-lambsheim.de\/wp\/#organization","name":"GMV Lambsheim","url":"http:\/\/gmv-lambsheim.de\/wp\/","logo":{"@type":"ImageObject","inLanguage":"de","@id":"http:\/\/gmv-lambsheim.de\/wp\/#\/schema\/logo\/image\/","url":"http:\/\/gmv-lambsheim.de\/wp\/wp-content\/uploads\/2020\/07\/cropped-GMV-Logo@05x-3.png","contentUrl":"http:\/\/gmv-lambsheim.de\/wp\/wp-content\/uploads\/2020\/07\/cropped-GMV-Logo@05x-3.png","width":100,"height":127,"caption":"GMV Lambsheim"},"image":{"@id":"http:\/\/gmv-lambsheim.de\/wp\/#\/schema\/logo\/image\/"},"sameAs":["https:\/\/www.facebook.com\/gmvlambsheim","https:\/\/www.instagram.com\/gmvorchesterlambsheim","https:\/\/www.instagram.com\/gmv_chor_lambsheim","https:\/\/www.facebook.com\/gmvchorlambsheim"]},{"@type":"Person","@id":"http:\/\/gmv-lambsheim.de\/wp\/#\/schema\/person\/145505b2694bf5d23be2187873df35ef","name":"Beate Schoberwalter","image":{"@type":"ImageObject","inLanguage":"de","@id":"https:\/\/secure.gravatar.com\/avatar\/ff22b7c1e0155754151b5bb6c0c63526d4e0d2547f62e35dd7b3f4822e902113?s=96&d=mm&r=g","url":"https:\/\/secure.gravatar.com\/avatar\/ff22b7c1e0155754151b5bb6c0c63526d4e0d2547f62e35dd7b3f4822e902113?s=96&d=mm&r=g","contentUrl":"https:\/\/secure.gravatar.com\/avatar\/ff22b7c1e0155754151b5bb6c0c63526d4e0d2547f62e35dd7b3f4822e902113?s=96&d=mm&r=g","caption":"Beate Schoberwalter"},"url":"http:\/\/gmv-lambsheim.de\/wp\/author\/bschoberwalter\/"}]}},"uagb_featured_image_src":{"full":["http:\/\/gmv-lambsheim.de\/wp\/wp-content\/uploads\/2025\/02\/D68FC5E8-88A3-4472-8774-D6FC0D4E66D3-scaled.webp",1080,1920,false],"thumbnail":["http:\/\/gmv-lambsheim.de\/wp\/wp-content\/uploads\/2025\/02\/D68FC5E8-88A3-4472-8774-D6FC0D4E66D3-150x150.webp",150,150,true],"medium":["http:\/\/gmv-lambsheim.de\/wp\/wp-content\/uploads\/2025\/02\/D68FC5E8-88A3-4472-8774-D6FC0D4E66D3-169x300.webp",169,300,true],"medium_large":["http:\/\/gmv-lambsheim.de\/wp\/wp-content\/uploads\/2025\/02\/D68FC5E8-88A3-4472-8774-D6FC0D4E66D3-768x1365.webp",768,1365,true],"large":["http:\/\/gmv-lambsheim.de\/wp\/wp-content\/uploads\/2025\/02\/D68FC5E8-88A3-4472-8774-D6FC0D4E66D3-576x1024.webp",576,1024,true],"thumblist":["http:\/\/gmv-lambsheim.de\/wp\/wp-content\/uploads\/2025\/02\/D68FC5E8-88A3-4472-8774-D6FC0D4E66D3-300x300.webp",300,300,true],"meccarouselthumb":["http:\/\/gmv-lambsheim.de\/wp\/wp-content\/uploads\/2025\/02\/D68FC5E8-88A3-4472-8774-D6FC0D4E66D3-474x324.webp",474,324,true],"gridsquare":["http:\/\/gmv-lambsheim.de\/wp\/wp-content\/uploads\/2025\/02\/D68FC5E8-88A3-4472-8774-D6FC0D4E66D3-391x260.webp",391,260,true],"tileview":["http:\/\/gmv-lambsheim.de\/wp\/wp-content\/uploads\/2025\/02\/D68FC5E8-88A3-4472-8774-D6FC0D4E66D3-300x400.webp",300,400,true],"1536x1536":["http:\/\/gmv-lambsheim.de\/wp\/wp-content\/uploads\/2025\/02\/D68FC5E8-88A3-4472-8774-D6FC0D4E66D3-864x1536.webp",864,1536,true],"2048x2048":["http:\/\/gmv-lambsheim.de\/wp\/wp-content\/uploads\/2025\/02\/D68FC5E8-88A3-4472-8774-D6FC0D4E66D3-1152x2048.webp",1080,1920,true]},"uagb_author_info":{"display_name":"Beate Schoberwalter","author_link":"http:\/\/gmv-lambsheim.de\/wp\/author\/bschoberwalter\/"},"uagb_comment_info":0,"uagb_excerpt":"GMV-Popchor &#8222;Simply Us&#8220; auf Chorfreizeit Was f\u00fcr ein wundervolles Wochenende hat Simply Us in der Jugendherberge Homburg\/Saar verbracht! Wir haben intensiv an unseren neuen St\u00fccken geprobt, wie z. B. &#8222;Engel&#8220; oder &#8222;Tears in Heaven&#8220;. Und abends haben wir mit Karaoke weitergemacht.&nbsp; Chorwochenenden bringen nicht nur unsere s\u00e4ngerische Leistung voran, sie st\u00e4rken auch das Miteinander im&hellip;","_links":{"self":[{"href":"http:\/\/gmv-lambsheim.de\/wp\/wp-json\/wp\/v2\/posts\/1497","targetHints":{"allow":["GET"]}}],"collection":[{"href":"http:\/\/gmv-lambsheim.de\/wp\/wp-json\/wp\/v2\/posts"}],"about":[{"href":"http:\/\/gmv-lambsheim.de\/wp\/wp-json\/wp\/v2\/types\/post"}],"author":[{"embeddable":true,"href":"http:\/\/gmv-lambsheim.de\/wp\/wp-json\/wp\/v2\/users\/16"}],"replies":[{"embeddable":true,"href":"http:\/\/gmv-lambsheim.de\/wp\/wp-json\/wp\/v2\/comments?post=1497"}],"version-history":[{"count":4,"href":"http:\/\/gmv-lambsheim.de\/wp\/wp-json\/wp\/v2\/posts\/1497\/revisions"}],"predecessor-version":[{"id":1508,"href":"http:\/\/gmv-lambsheim.de\/wp\/wp-json\/wp\/v2\/posts\/1497\/revisions\/1508"}],"wp:featuredmedia":[{"embeddable":true,"href":"http:\/\/gmv-lambsheim.de\/wp\/wp-json\/wp\/v2\/media\/1498"}],"wp:attachment":[{"href":"http:\/\/gmv-lambsheim.de\/wp\/wp-json\/wp\/v2\/media?parent=1497"}],"wp:term":[{"taxonomy":"category","embeddable":true,"href":"http:\/\/gmv-lambsheim.de\/wp\/wp-json\/wp\/v2\/categories?post=1497"},{"taxonomy":"post_tag","embeddable":true,"href":"http:\/\/gmv-lambsheim.de\/wp\/wp-json\/wp\/v2\/tags?post=1497"}],"curies":[{"name":"wp","href":"https:\/\/api.w.org\/{rel}","templated":true}]}}